{"id":4637,"date":"2022-04-20T18:33:55","date_gmt":"2022-04-20T16:33:55","guid":{"rendered":"https:\/\/www.casasruralesvaldovino.com\/crecente-fradigas-valdovino\/"},"modified":"2025-03-05T12:15:37","modified_gmt":"2025-03-05T11:15:37","slug":"crecente-fradigas-valdovino","status":"publish","type":"post","link":"https:\/\/www.casasruralesvaldovino.com\/en\/crecente-fradigas-valdovino\/","title":{"rendered":"Crecente, Fr\u00e1digas, Valdovi\u00f1o"},"content":{"rendered":"\n<p class=\"has-medium-font-size\"><strong>The Original Return: Back to Basics<br\/><br\/> <\/strong><\/p>\n\n<p>In a time where everything is fleeting and momentary, we must reclaim what is absolute and essential\u2014the origin, the return to what is basic and fundamental. Sometimes, we use concepts that seem misleading. We talk about &#8220;disconnecting&#8221; when, in reality, what we truly long for is the opposite. Instead, we must establish a deep connection with what truly matters\u2014our very essence.<br\/> <br\/>4o     <\/p>\n\n<figure class=\"wp-block-image size-large\"><img loading=\"lazy\" decoding=\"async\" width=\"1024\" height=\"745\" src=\"https:\/\/www.casasruralesvaldovino.com\/wp-content\/uploads\/2022\/03\/bcfe55a1-efad-4817-8b90-f982721e1da2-1024x745.jpg\" alt=\"\" class=\"wp-image-1511\" srcset=\"https:\/\/www.casasruralesvaldovino.com\/wp-content\/uploads\/2022\/03\/bcfe55a1-efad-4817-8b90-f982721e1da2-1024x745.jpg 1024w, https:\/\/www.casasruralesvaldovino.com\/wp-content\/uploads\/2022\/03\/bcfe55a1-efad-4817-8b90-f982721e1da2-600x437.jpg 600w, https:\/\/www.casasruralesvaldovino.com\/wp-content\/uploads\/2022\/03\/bcfe55a1-efad-4817-8b90-f982721e1da2-300x218.jpg 300w, https:\/\/www.casasruralesvaldovino.com\/wp-content\/uploads\/2022\/03\/bcfe55a1-efad-4817-8b90-f982721e1da2-768x559.jpg 768w, https:\/\/www.casasruralesvaldovino.com\/wp-content\/uploads\/2022\/03\/bcfe55a1-efad-4817-8b90-f982721e1da2-1536x1118.jpg 1536w, https:\/\/www.casasruralesvaldovino.com\/wp-content\/uploads\/2022\/03\/bcfe55a1-efad-4817-8b90-f982721e1da2-1170x851.jpg 1170w, https:\/\/www.casasruralesvaldovino.com\/wp-content\/uploads\/2022\/03\/bcfe55a1-efad-4817-8b90-f982721e1da2-370x270.jpg 370w, https:\/\/www.casasruralesvaldovino.com\/wp-content\/uploads\/2022\/03\/bcfe55a1-efad-4817-8b90-f982721e1da2.jpg 1648w\" sizes=\"auto, (max-width: 1024px) 100vw, 1024px\" \/><figcaption class=\"wp-element-caption\">Castro de Fr\u00e1digas House<\/figcaption><\/figure>\n\n<p><br\/>In these houses, in these stones, lies that ancient energy. They are the same stones that once built castros, shaping our landscape and making it unique. They stand as witnesses to our past history and as a heritage for our future, providing us with an essential connection to what truly matters\u2014to ourselves. To our own.<br\/> <br\/> <br\/>   <\/p>\n\n<p><br\/>The surroundings are simply incomparable. To say Valdovi\u00f1o is to say so much\u2014in fact, it is to say everything. It astonishes with its wild and mystical nature, its untamed sea, the serenity of its sandy shores, and its ancient paths once walked by pilgrims, knights, and travelers alike\u2014all in search of answers for the soul.   <\/p>\n\n<figure class=\"wp-block-image size-full\"><img loading=\"lazy\" decoding=\"async\" width=\"1024\" height=\"768\" src=\"https:\/\/www.casasruralesvaldovino.com\/wp-content\/uploads\/2022\/02\/18985407-D1E4-4259-A9C4-A976F47B90B5_1_105_c-1.jpeg\" alt=\"\" class=\"wp-image-4543\" srcset=\"https:\/\/www.casasruralesvaldovino.com\/wp-content\/uploads\/2022\/02\/18985407-D1E4-4259-A9C4-A976F47B90B5_1_105_c-1.jpeg 1024w, https:\/\/www.casasruralesvaldovino.com\/wp-content\/uploads\/2022\/02\/18985407-D1E4-4259-A9C4-A976F47B90B5_1_105_c-1-300x225.jpeg 300w, https:\/\/www.casasruralesvaldovino.com\/wp-content\/uploads\/2022\/02\/18985407-D1E4-4259-A9C4-A976F47B90B5_1_105_c-1-768x576.jpeg 768w, https:\/\/www.casasruralesvaldovino.com\/wp-content\/uploads\/2022\/02\/18985407-D1E4-4259-A9C4-A976F47B90B5_1_105_c-1-600x450.jpeg 600w\" sizes=\"auto, (max-width: 1024px) 100vw, 1024px\" \/><\/figure>\n\n<p><br\/>This land of water offers an endless array of possibilities. Rest and leisure go hand in hand, accompanied by an unparalleled gastronomy and countless sports and recreational activities, all enjoyed in perfect harmony with nature.<br\/>This unique sea, which rocks and cradles us as it whispers from the foam in the night, is our very identity. Just as the green slopes that descend into the blue, merging into a horizon of light. Just as the lagoons, which hide ancient legends of fairies dwelling beneath their surface and among the reeds.    <\/p>\n\n<figure class=\"wp-block-image size-large\"><img loading=\"lazy\" decoding=\"async\" width=\"1024\" height=\"768\" src=\"https:\/\/www.casasruralesvaldovino.com\/wp-content\/uploads\/2022\/03\/IMG_0388-1024x768.jpeg\" alt=\"\" class=\"wp-image-1475\" srcset=\"https:\/\/www.casasruralesvaldovino.com\/wp-content\/uploads\/2022\/03\/IMG_0388-1024x768.jpeg 1024w, https:\/\/www.casasruralesvaldovino.com\/wp-content\/uploads\/2022\/03\/IMG_0388-600x450.jpeg 600w, https:\/\/www.casasruralesvaldovino.com\/wp-content\/uploads\/2022\/03\/IMG_0388-300x225.jpeg 300w, https:\/\/www.casasruralesvaldovino.com\/wp-content\/uploads\/2022\/03\/IMG_0388-768x576.jpeg 768w, https:\/\/www.casasruralesvaldovino.com\/wp-content\/uploads\/2022\/03\/IMG_0388-1536x1152.jpeg 1536w, https:\/\/www.casasruralesvaldovino.com\/wp-content\/uploads\/2022\/03\/IMG_0388-2048x1536.jpeg 2048w, https:\/\/www.casasruralesvaldovino.com\/wp-content\/uploads\/2022\/03\/IMG_0388-1170x878.jpeg 1170w\" sizes=\"auto, (max-width: 1024px) 100vw, 1024px\" \/><figcaption class=\"wp-element-caption\">Casa Rural Castro de Crecente<\/figcaption><\/figure>\n\n<p><br\/>Everything becomes possible when you return to the basics. When you allow this energy to fully embrace you. When you truly seek to connect with what matters most\u2014with yourself. With your loved ones. With your ancestral origins, with your very soul.     <\/p>\n\n<p>Alberto Torres<\/p>\n<div class=\"mphb_sc_rooms-wrapper mphb-room-types is-style-style-3\">\t<div class=\"mphb-room-types-wrapper\">\n\t\n<div class=\"mphb-room-type post-1529 mphb_room_type type-mphb_room_type status-publish has-post-thumbnail mphb_room_type_category-entire-rental-unit mphb-room-type-adults-1 mphb-room-type-children-0 \">\n\n                <div class=\"room-images-wrapper\">\n            \n\n\t<p class=\"post-thumbnail mphb-loop-room-thumbnail\">\n\t<a href=\"https:\/\/www.casasruralesvaldovino.com\/en\/accommodation\/rural-house-castro-de-crecente\/\">\n\t<img loading=\"lazy\" decoding=\"async\" width=\"768\" height=\"992\" src=\"https:\/\/www.casasruralesvaldovino.com\/wp-content\/uploads\/2026\/03\/E6BD4268-0A79-4CE2-BB62-3BB543C6C191_1_105_c-768x992.jpeg\" class=\"attachment-luviana-square size-luviana-square wp-post-image\" alt=\"\" \/>\t<\/a>\n\n\t<\/p>\n        <\/div>\n                <div class=\"room-description-wrapper\">\n            <div class=\"room-description-inner-wrapper\">\n                                    <div class=\"room-details\">\n                        \n<h2 class=\"mphb-room-type-title entry-title\">\n\n<a class=\"mphb-room-type-title\" href=\"https:\/\/www.casasruralesvaldovino.com\/en\/accommodation\/rural-house-castro-de-crecente\/\">Castro de Crecente Rural House<\/a>\n\n<\/h2>                    <\/div>\n                                    <div class=\"room-booking-details\">\n                        \n<div class=\"mphb-to-book-btn-wrapper\">\n<form action=\"https:\/\/www.casasruralesvaldovino.com\/en\/accommodation\/rural-house-castro-de-crecente\/#booking-form-1529\" method=\"get\" ><button type=\"submit\" class=\"button mphb-book-button\" >Book<\/button><\/form>\n<br\/><\/div>\n<p class=\"mphb-view-details-button-wrapper\">\n<a class=\"button mphb-view-details-button\" href=\"https:\/\/www.casasruralesvaldovino.com\/en\/accommodation\/rural-house-castro-de-crecente\/\" >View Details<\/a>\n<\/p>                    <\/div>\n                            <\/div>\n        <\/div>\n    \n    \n<\/div>\n\n\n<div class=\"mphb-room-type post-1527 mphb_room_type type-mphb_room_type status-publish has-post-thumbnail mphb_room_type_category-entire-rental-unit mphb-room-type-adults-8 mphb-room-type-children-0 \">\n\n                <div class=\"room-images-wrapper\">\n            \n\n\t<p class=\"post-thumbnail mphb-loop-room-thumbnail\">\n\t<a href=\"https:\/\/www.casasruralesvaldovino.com\/en\/accommodation\/rural-house-castro-de-fradigas\/\">\n\t<img loading=\"lazy\" decoding=\"async\" width=\"992\" height=\"757\" src=\"https:\/\/www.casasruralesvaldovino.com\/wp-content\/uploads\/2022\/02\/B9DB7FBD-0BA7-4BEE-AB05-471B9455963F_1_105_c-992x757.jpeg\" class=\"attachment-luviana-square size-luviana-square wp-post-image\" alt=\"\" \/>\t<\/a>\n\n\t<\/p>\n        <\/div>\n                <div class=\"room-description-wrapper\">\n            <div class=\"room-description-inner-wrapper\">\n                                    <div class=\"room-details\">\n                        \n<h2 class=\"mphb-room-type-title entry-title\">\n\n<a class=\"mphb-room-type-title\" href=\"https:\/\/www.casasruralesvaldovino.com\/en\/accommodation\/rural-house-castro-de-fradigas\/\">Castro de Fr\u00e1digas Rural House<\/a>\n\n<\/h2>                    <\/div>\n                                    <div class=\"room-booking-details\">\n                        \n<div class=\"mphb-to-book-btn-wrapper\">\n<form action=\"https:\/\/www.casasruralesvaldovino.com\/en\/accommodation\/rural-house-castro-de-fradigas\/#booking-form-1527\" method=\"get\" ><button type=\"submit\" class=\"button mphb-book-button\" >Book<\/button><\/form>\n<br\/><\/div>\n<p class=\"mphb-view-details-button-wrapper\">\n<a class=\"button mphb-view-details-button\" href=\"https:\/\/www.casasruralesvaldovino.com\/en\/accommodation\/rural-house-castro-de-fradigas\/\" >View Details<\/a>\n<\/p>                    <\/div>\n                            <\/div>\n        <\/div>\n    \n    \n<\/div>\n\n\t<\/div>\n\t<\/div>\n<p><\/p>\n","protected":false},"excerpt":{"rendered":"<p>The Original Return: Back to Basics In a time where everything is fleeting and momentary, we must reclaim what is absolute and essential\u2014the origin, the return to what is basic and fundamental. Sometimes, we use concepts that seem misleading. We talk about &#8220;disconnecting&#8221; when, in reality, what we truly long for is the opposite. Instead, [&hellip;]<\/p>\n","protected":false},"author":6,"featured_media":1126,"comment_status":"open","ping_status":"open","sticky":false,"template":"","format":"standard","meta":{"inline_featured_image":false,"_jetpack_memberships_contains_paid_content":false,"footnotes":""},"categories":[2],"tags":[],"class_list":["post-4637","post","type-post","status-publish","format-standard","has-post-thumbnail","hentry","category-valdovino-2"],"yoast_head":"<!-- This site is optimized with the Yoast SEO plugin v27.5 - https:\/\/yoast.com\/product\/yoast-seo-wordpress\/ -->\n<title>Crecente, Fr\u00e1digas, Valdovi\u00f1o - Casas Rurales Valdovi\u00f1o<\/title>\n<meta name=\"robots\" content=\"index, follow, max-snippet:-1, max-image-preview:large, max-video-preview:-1\" \/>\n<link rel=\"canonical\" href=\"https:\/\/www.casasruralesvaldovino.com\/en\/crecente-fradigas-valdovino\/\" \/>\n<meta property=\"og:locale\" content=\"en_US\" \/>\n<meta property=\"og:type\" content=\"article\" \/>\n<meta property=\"og:title\" content=\"Crecente, Fr\u00e1digas, Valdovi\u00f1o - Casas Rurales Valdovi\u00f1o\" \/>\n<meta property=\"og:description\" content=\"The Original Return: Back to Basics In a time where everything is fleeting and momentary, we must reclaim what is absolute and essential\u2014the origin, the return to what is basic and fundamental. Sometimes, we use concepts that seem misleading. We talk about &#8220;disconnecting&#8221; when, in reality, what we truly long for is the opposite. Instead, [&hellip;]\" \/>\n<meta property=\"og:url\" content=\"https:\/\/www.casasruralesvaldovino.com\/en\/crecente-fradigas-valdovino\/\" \/>\n<meta property=\"og:site_name\" content=\"Casas Rurales Valdovi\u00f1o\" \/>\n<meta property=\"article:published_time\" content=\"2022-04-20T16:33:55+00:00\" \/>\n<meta property=\"article:modified_time\" content=\"2025-03-05T11:15:37+00:00\" \/>\n<meta property=\"og:image\" content=\"https:\/\/www.casasruralesvaldovino.com\/wp-content\/uploads\/2022\/03\/IMG_8038-scaled.jpeg\" \/>\n\t<meta property=\"og:image:width\" content=\"2560\" \/>\n\t<meta property=\"og:image:height\" content=\"1920\" \/>\n\t<meta property=\"og:image:type\" content=\"image\/jpeg\" \/>\n<meta name=\"author\" content=\"Alberto Torres\" \/>\n<meta name=\"twitter:card\" content=\"summary_large_image\" \/>\n<meta name=\"twitter:label1\" content=\"Written by\" \/>\n\t<meta name=\"twitter:data1\" content=\"Alberto Torres\" \/>\n\t<meta name=\"twitter:label2\" content=\"Est. reading time\" \/>\n\t<meta name=\"twitter:data2\" content=\"2 minutes\" \/>\n<script type=\"application\/ld+json\" class=\"yoast-schema-graph\">{\"@context\":\"https:\\\/\\\/schema.org\",\"@graph\":[{\"@type\":\"Article\",\"@id\":\"https:\\\/\\\/www.casasruralesvaldovino.com\\\/en\\\/crecente-fradigas-valdovino\\\/#article\",\"isPartOf\":{\"@id\":\"https:\\\/\\\/www.casasruralesvaldovino.com\\\/en\\\/crecente-fradigas-valdovino\\\/\"},\"author\":{\"name\":\"Alberto Torres\",\"@id\":\"https:\\\/\\\/www.casasruralesvaldovino.com\\\/#\\\/schema\\\/person\\\/6518a29fe7987cf0f81ea2fc348d60fa\"},\"headline\":\"Crecente, Fr\u00e1digas, Valdovi\u00f1o\",\"datePublished\":\"2022-04-20T16:33:55+00:00\",\"dateModified\":\"2025-03-05T11:15:37+00:00\",\"mainEntityOfPage\":{\"@id\":\"https:\\\/\\\/www.casasruralesvaldovino.com\\\/en\\\/crecente-fradigas-valdovino\\\/\"},\"wordCount\":333,\"commentCount\":0,\"publisher\":{\"@id\":\"https:\\\/\\\/www.casasruralesvaldovino.com\\\/#organization\"},\"image\":{\"@id\":\"https:\\\/\\\/www.casasruralesvaldovino.com\\\/en\\\/crecente-fradigas-valdovino\\\/#primaryimage\"},\"thumbnailUrl\":\"https:\\\/\\\/www.casasruralesvaldovino.com\\\/wp-content\\\/uploads\\\/2022\\\/03\\\/IMG_8038-scaled.jpeg\",\"articleSection\":[\"Valdovi\u00f1o\"],\"inLanguage\":\"en-US\",\"potentialAction\":[{\"@type\":\"CommentAction\",\"name\":\"Comment\",\"target\":[\"https:\\\/\\\/www.casasruralesvaldovino.com\\\/en\\\/crecente-fradigas-valdovino\\\/#respond\"]}]},{\"@type\":\"WebPage\",\"@id\":\"https:\\\/\\\/www.casasruralesvaldovino.com\\\/en\\\/crecente-fradigas-valdovino\\\/\",\"url\":\"https:\\\/\\\/www.casasruralesvaldovino.com\\\/en\\\/crecente-fradigas-valdovino\\\/\",\"name\":\"Crecente, Fr\u00e1digas, Valdovi\u00f1o - Casas Rurales Valdovi\u00f1o\",\"isPartOf\":{\"@id\":\"https:\\\/\\\/www.casasruralesvaldovino.com\\\/#website\"},\"primaryImageOfPage\":{\"@id\":\"https:\\\/\\\/www.casasruralesvaldovino.com\\\/en\\\/crecente-fradigas-valdovino\\\/#primaryimage\"},\"image\":{\"@id\":\"https:\\\/\\\/www.casasruralesvaldovino.com\\\/en\\\/crecente-fradigas-valdovino\\\/#primaryimage\"},\"thumbnailUrl\":\"https:\\\/\\\/www.casasruralesvaldovino.com\\\/wp-content\\\/uploads\\\/2022\\\/03\\\/IMG_8038-scaled.jpeg\",\"datePublished\":\"2022-04-20T16:33:55+00:00\",\"dateModified\":\"2025-03-05T11:15:37+00:00\",\"breadcrumb\":{\"@id\":\"https:\\\/\\\/www.casasruralesvaldovino.com\\\/en\\\/crecente-fradigas-valdovino\\\/#breadcrumb\"},\"inLanguage\":\"en-US\",\"potentialAction\":[{\"@type\":\"ReadAction\",\"target\":[\"https:\\\/\\\/www.casasruralesvaldovino.com\\\/en\\\/crecente-fradigas-valdovino\\\/\"]}]},{\"@type\":\"ImageObject\",\"inLanguage\":\"en-US\",\"@id\":\"https:\\\/\\\/www.casasruralesvaldovino.com\\\/en\\\/crecente-fradigas-valdovino\\\/#primaryimage\",\"url\":\"https:\\\/\\\/www.casasruralesvaldovino.com\\\/wp-content\\\/uploads\\\/2022\\\/03\\\/IMG_8038-scaled.jpeg\",\"contentUrl\":\"https:\\\/\\\/www.casasruralesvaldovino.com\\\/wp-content\\\/uploads\\\/2022\\\/03\\\/IMG_8038-scaled.jpeg\",\"width\":2560,\"height\":1920},{\"@type\":\"BreadcrumbList\",\"@id\":\"https:\\\/\\\/www.casasruralesvaldovino.com\\\/en\\\/crecente-fradigas-valdovino\\\/#breadcrumb\",\"itemListElement\":[{\"@type\":\"ListItem\",\"position\":1,\"name\":\"Portada\",\"item\":\"https:\\\/\\\/www.casasruralesvaldovino.com\\\/en\\\/home\\\/\"},{\"@type\":\"ListItem\",\"position\":2,\"name\":\"Crecente, Fr\u00e1digas, Valdovi\u00f1o\"}]},{\"@type\":\"WebSite\",\"@id\":\"https:\\\/\\\/www.casasruralesvaldovino.com\\\/#website\",\"url\":\"https:\\\/\\\/www.casasruralesvaldovino.com\\\/\",\"name\":\"Casas Rurales Valdovi\u00f1o\",\"description\":\"Vivienda vacacional para familias y grupos de amigos\",\"publisher\":{\"@id\":\"https:\\\/\\\/www.casasruralesvaldovino.com\\\/#organization\"},\"potentialAction\":[{\"@type\":\"SearchAction\",\"target\":{\"@type\":\"EntryPoint\",\"urlTemplate\":\"https:\\\/\\\/www.casasruralesvaldovino.com\\\/?s={search_term_string}\"},\"query-input\":{\"@type\":\"PropertyValueSpecification\",\"valueRequired\":true,\"valueName\":\"search_term_string\"}}],\"inLanguage\":\"en-US\"},{\"@type\":\"Organization\",\"@id\":\"https:\\\/\\\/www.casasruralesvaldovino.com\\\/#organization\",\"name\":\"CASAS RURALES VALDOVI\u00d1O\",\"url\":\"https:\\\/\\\/www.casasruralesvaldovino.com\\\/\",\"logo\":{\"@type\":\"ImageObject\",\"inLanguage\":\"en-US\",\"@id\":\"https:\\\/\\\/www.casasruralesvaldovino.com\\\/#\\\/schema\\\/logo\\\/image\\\/\",\"url\":\"https:\\\/\\\/www.casasruralesvaldovino.com\\\/wp-content\\\/uploads\\\/2022\\\/03\\\/cropped-L2-gold-2.png\",\"contentUrl\":\"https:\\\/\\\/www.casasruralesvaldovino.com\\\/wp-content\\\/uploads\\\/2022\\\/03\\\/cropped-L2-gold-2.png\",\"width\":150,\"height\":100,\"caption\":\"CASAS RURALES VALDOVI\u00d1O\"},\"image\":{\"@id\":\"https:\\\/\\\/www.casasruralesvaldovino.com\\\/#\\\/schema\\\/logo\\\/image\\\/\"}},{\"@type\":\"Person\",\"@id\":\"https:\\\/\\\/www.casasruralesvaldovino.com\\\/#\\\/schema\\\/person\\\/6518a29fe7987cf0f81ea2fc348d60fa\",\"name\":\"Alberto Torres\",\"image\":{\"@type\":\"ImageObject\",\"inLanguage\":\"en-US\",\"@id\":\"https:\\\/\\\/secure.gravatar.com\\\/avatar\\\/2aec3abaf4e1d2718d124e678d8a2e414ea4067cfcb87027a83ead2fc92c4a85?s=96&d=mm&r=g\",\"url\":\"https:\\\/\\\/secure.gravatar.com\\\/avatar\\\/2aec3abaf4e1d2718d124e678d8a2e414ea4067cfcb87027a83ead2fc92c4a85?s=96&d=mm&r=g\",\"contentUrl\":\"https:\\\/\\\/secure.gravatar.com\\\/avatar\\\/2aec3abaf4e1d2718d124e678d8a2e414ea4067cfcb87027a83ead2fc92c4a85?s=96&d=mm&r=g\",\"caption\":\"Alberto Torres\"},\"url\":\"https:\\\/\\\/www.casasruralesvaldovino.com\\\/en\\\/author\\\/alberto-torres\\\/\"}]}<\/script>\n<!-- \/ Yoast SEO plugin. -->","yoast_head_json":{"title":"Crecente, Fr\u00e1digas, Valdovi\u00f1o - Casas Rurales Valdovi\u00f1o","robots":{"index":"index","follow":"follow","max-snippet":"max-snippet:-1","max-image-preview":"max-image-preview:large","max-video-preview":"max-video-preview:-1"},"canonical":"https:\/\/www.casasruralesvaldovino.com\/en\/crecente-fradigas-valdovino\/","og_locale":"en_US","og_type":"article","og_title":"Crecente, Fr\u00e1digas, Valdovi\u00f1o - Casas Rurales Valdovi\u00f1o","og_description":"The Original Return: Back to Basics In a time where everything is fleeting and momentary, we must reclaim what is absolute and essential\u2014the origin, the return to what is basic and fundamental. Sometimes, we use concepts that seem misleading. We talk about &#8220;disconnecting&#8221; when, in reality, what we truly long for is the opposite. Instead, [&hellip;]","og_url":"https:\/\/www.casasruralesvaldovino.com\/en\/crecente-fradigas-valdovino\/","og_site_name":"Casas Rurales Valdovi\u00f1o","article_published_time":"2022-04-20T16:33:55+00:00","article_modified_time":"2025-03-05T11:15:37+00:00","og_image":[{"width":2560,"height":1920,"url":"https:\/\/www.casasruralesvaldovino.com\/wp-content\/uploads\/2022\/03\/IMG_8038-scaled.jpeg","type":"image\/jpeg"}],"author":"Alberto Torres","twitter_card":"summary_large_image","twitter_misc":{"Written by":"Alberto Torres","Est. reading time":"2 minutes"},"schema":{"@context":"https:\/\/schema.org","@graph":[{"@type":"Article","@id":"https:\/\/www.casasruralesvaldovino.com\/en\/crecente-fradigas-valdovino\/#article","isPartOf":{"@id":"https:\/\/www.casasruralesvaldovino.com\/en\/crecente-fradigas-valdovino\/"},"author":{"name":"Alberto Torres","@id":"https:\/\/www.casasruralesvaldovino.com\/#\/schema\/person\/6518a29fe7987cf0f81ea2fc348d60fa"},"headline":"Crecente, Fr\u00e1digas, Valdovi\u00f1o","datePublished":"2022-04-20T16:33:55+00:00","dateModified":"2025-03-05T11:15:37+00:00","mainEntityOfPage":{"@id":"https:\/\/www.casasruralesvaldovino.com\/en\/crecente-fradigas-valdovino\/"},"wordCount":333,"commentCount":0,"publisher":{"@id":"https:\/\/www.casasruralesvaldovino.com\/#organization"},"image":{"@id":"https:\/\/www.casasruralesvaldovino.com\/en\/crecente-fradigas-valdovino\/#primaryimage"},"thumbnailUrl":"https:\/\/www.casasruralesvaldovino.com\/wp-content\/uploads\/2022\/03\/IMG_8038-scaled.jpeg","articleSection":["Valdovi\u00f1o"],"inLanguage":"en-US","potentialAction":[{"@type":"CommentAction","name":"Comment","target":["https:\/\/www.casasruralesvaldovino.com\/en\/crecente-fradigas-valdovino\/#respond"]}]},{"@type":"WebPage","@id":"https:\/\/www.casasruralesvaldovino.com\/en\/crecente-fradigas-valdovino\/","url":"https:\/\/www.casasruralesvaldovino.com\/en\/crecente-fradigas-valdovino\/","name":"Crecente, Fr\u00e1digas, Valdovi\u00f1o - Casas Rurales Valdovi\u00f1o","isPartOf":{"@id":"https:\/\/www.casasruralesvaldovino.com\/#website"},"primaryImageOfPage":{"@id":"https:\/\/www.casasruralesvaldovino.com\/en\/crecente-fradigas-valdovino\/#primaryimage"},"image":{"@id":"https:\/\/www.casasruralesvaldovino.com\/en\/crecente-fradigas-valdovino\/#primaryimage"},"thumbnailUrl":"https:\/\/www.casasruralesvaldovino.com\/wp-content\/uploads\/2022\/03\/IMG_8038-scaled.jpeg","datePublished":"2022-04-20T16:33:55+00:00","dateModified":"2025-03-05T11:15:37+00:00","breadcrumb":{"@id":"https:\/\/www.casasruralesvaldovino.com\/en\/crecente-fradigas-valdovino\/#breadcrumb"},"inLanguage":"en-US","potentialAction":[{"@type":"ReadAction","target":["https:\/\/www.casasruralesvaldovino.com\/en\/crecente-fradigas-valdovino\/"]}]},{"@type":"ImageObject","inLanguage":"en-US","@id":"https:\/\/www.casasruralesvaldovino.com\/en\/crecente-fradigas-valdovino\/#primaryimage","url":"https:\/\/www.casasruralesvaldovino.com\/wp-content\/uploads\/2022\/03\/IMG_8038-scaled.jpeg","contentUrl":"https:\/\/www.casasruralesvaldovino.com\/wp-content\/uploads\/2022\/03\/IMG_8038-scaled.jpeg","width":2560,"height":1920},{"@type":"BreadcrumbList","@id":"https:\/\/www.casasruralesvaldovino.com\/en\/crecente-fradigas-valdovino\/#breadcrumb","itemListElement":[{"@type":"ListItem","position":1,"name":"Portada","item":"https:\/\/www.casasruralesvaldovino.com\/en\/home\/"},{"@type":"ListItem","position":2,"name":"Crecente, Fr\u00e1digas, Valdovi\u00f1o"}]},{"@type":"WebSite","@id":"https:\/\/www.casasruralesvaldovino.com\/#website","url":"https:\/\/www.casasruralesvaldovino.com\/","name":"Casas Rurales Valdovi\u00f1o","description":"Vivienda vacacional para familias y grupos de amigos","publisher":{"@id":"https:\/\/www.casasruralesvaldovino.com\/#organization"},"potentialAction":[{"@type":"SearchAction","target":{"@type":"EntryPoint","urlTemplate":"https:\/\/www.casasruralesvaldovino.com\/?s={search_term_string}"},"query-input":{"@type":"PropertyValueSpecification","valueRequired":true,"valueName":"search_term_string"}}],"inLanguage":"en-US"},{"@type":"Organization","@id":"https:\/\/www.casasruralesvaldovino.com\/#organization","name":"CASAS RURALES VALDOVI\u00d1O","url":"https:\/\/www.casasruralesvaldovino.com\/","logo":{"@type":"ImageObject","inLanguage":"en-US","@id":"https:\/\/www.casasruralesvaldovino.com\/#\/schema\/logo\/image\/","url":"https:\/\/www.casasruralesvaldovino.com\/wp-content\/uploads\/2022\/03\/cropped-L2-gold-2.png","contentUrl":"https:\/\/www.casasruralesvaldovino.com\/wp-content\/uploads\/2022\/03\/cropped-L2-gold-2.png","width":150,"height":100,"caption":"CASAS RURALES VALDOVI\u00d1O"},"image":{"@id":"https:\/\/www.casasruralesvaldovino.com\/#\/schema\/logo\/image\/"}},{"@type":"Person","@id":"https:\/\/www.casasruralesvaldovino.com\/#\/schema\/person\/6518a29fe7987cf0f81ea2fc348d60fa","name":"Alberto Torres","image":{"@type":"ImageObject","inLanguage":"en-US","@id":"https:\/\/secure.gravatar.com\/avatar\/2aec3abaf4e1d2718d124e678d8a2e414ea4067cfcb87027a83ead2fc92c4a85?s=96&d=mm&r=g","url":"https:\/\/secure.gravatar.com\/avatar\/2aec3abaf4e1d2718d124e678d8a2e414ea4067cfcb87027a83ead2fc92c4a85?s=96&d=mm&r=g","contentUrl":"https:\/\/secure.gravatar.com\/avatar\/2aec3abaf4e1d2718d124e678d8a2e414ea4067cfcb87027a83ead2fc92c4a85?s=96&d=mm&r=g","caption":"Alberto Torres"},"url":"https:\/\/www.casasruralesvaldovino.com\/en\/author\/alberto-torres\/"}]}},"jetpack_featured_media_url":"https:\/\/www.casasruralesvaldovino.com\/wp-content\/uploads\/2022\/03\/IMG_8038-scaled.jpeg","featured_image_src":"https:\/\/www.casasruralesvaldovino.com\/wp-content\/uploads\/2022\/03\/IMG_8038-600x400.jpeg","featured_image_src_square":"https:\/\/www.casasruralesvaldovino.com\/wp-content\/uploads\/2022\/03\/IMG_8038-600x600.jpeg","author_info":{"display_name":"Alberto Torres","author_link":"https:\/\/www.casasruralesvaldovino.com\/en\/author\/alberto-torres\/"},"jetpack_sharing_enabled":true,"_links":{"self":[{"href":"https:\/\/www.casasruralesvaldovino.com\/en\/wp-json\/wp\/v2\/posts\/4637","targetHints":{"allow":["GET"]}}],"collection":[{"href":"https:\/\/www.casasruralesvaldovino.com\/en\/wp-json\/wp\/v2\/posts"}],"about":[{"href":"https:\/\/www.casasruralesvaldovino.com\/en\/wp-json\/wp\/v2\/types\/post"}],"author":[{"embeddable":true,"href":"https:\/\/www.casasruralesvaldovino.com\/en\/wp-json\/wp\/v2\/users\/6"}],"replies":[{"embeddable":true,"href":"https:\/\/www.casasruralesvaldovino.com\/en\/wp-json\/wp\/v2\/comments?post=4637"}],"version-history":[{"count":0,"href":"https:\/\/www.casasruralesvaldovino.com\/en\/wp-json\/wp\/v2\/posts\/4637\/revisions"}],"wp:featuredmedia":[{"embeddable":true,"href":"https:\/\/www.casasruralesvaldovino.com\/en\/wp-json\/wp\/v2\/media\/1126"}],"wp:attachment":[{"href":"https:\/\/www.casasruralesvaldovino.com\/en\/wp-json\/wp\/v2\/media?parent=4637"}],"wp:term":[{"taxonomy":"category","embeddable":true,"href":"https:\/\/www.casasruralesvaldovino.com\/en\/wp-json\/wp\/v2\/categories?post=4637"},{"taxonomy":"post_tag","embeddable":true,"href":"https:\/\/www.casasruralesvaldovino.com\/en\/wp-json\/wp\/v2\/tags?post=4637"}],"curies":[{"name":"wp","href":"https:\/\/api.w.org\/{rel}","templated":true}]}}